{"id":727,"date":"2026-01-09T12:26:53","date_gmt":"2026-01-09T11:26:53","guid":{"rendered":"https:\/\/preview.pamelafalcon.com\/?p=727"},"modified":"2026-01-09T12:50:21","modified_gmt":"2026-01-09T11:50:21","slug":"pamela-falcon-als-support-bei-best-of-sascha-klaar-im-apollo-variete","status":"publish","type":"post","link":"https:\/\/pamelafalcon.com\/en\/pamela-falcon-als-support-bei-best-of-sascha-klaar-im-apollo-variete\/","title":{"rendered":"Pamela Falcon als Support bei &#8222;Best of Sascha Klaar&#8220; im Apollo Variet\u00e9"},"content":{"rendered":"<div data-elementor-type=\"wp-post\" data-elementor-id=\"727\" class=\"elementor elementor-727\">\n\t\t\t\t<div class=\"elementor-element elementor-element-4936501 e-flex e-con-boxed e-con e-parent\" data-id=\"4936501\" data-element_type=\"container\">\n\t\t\t\t\t<div class=\"e-con-inner\">\n\t\t\t\t<div class=\"elementor-element elementor-element-71a283f1 elementor-widget elementor-widget-text-editor\" data-id=\"71a283f1\" data-element_type=\"widget\" data-widget_type=\"text-editor.default\">\n\t\t\t\t\t\t\t\t\t\n<p><\/p>\n\n\n\n<p><\/p>\n\t\t\t\t\t\t\t\t<\/div>\n\t\t\t\t\t<\/div>\n\t\t\t\t<\/div>\n\t\t<div class=\"elementor-element elementor-element-eae86ce e-flex e-con-boxed e-con e-parent\" data-id=\"eae86ce\" data-element_type=\"container\">\n\t\t\t\t\t<div class=\"e-con-inner\">\n\t\t<div class=\"elementor-element elementor-element-3325237 e-con-full e-flex e-con e-child\" data-id=\"3325237\" data-element_type=\"container\">\n\t\t\t\t<div class=\"elementor-element elementor-element-017fd19 elementor-widget elementor-widget-featured-image\" data-id=\"017fd19\" data-element_type=\"widget\" data-widget_type=\"featured-image.default\">\n\t\t\t\t\t\n                    <img fetchpriority=\"high\" decoding=\"async\" width=\"520\" height=\"650\" src=\"https:\/\/pamelafalcon.com\/wp-content\/uploads\/2026\/01\/sascha-klaar-520x650.webp\" class=\"attachment-uicore-medium size-uicore-medium wp-image-735\" alt=\"\" srcset=\"https:\/\/pamelafalcon.com\/wp-content\/uploads\/2026\/01\/sascha-klaar-520x650.webp 520w, https:\/\/pamelafalcon.com\/wp-content\/uploads\/2026\/01\/sascha-klaar-240x300.webp 240w, https:\/\/pamelafalcon.com\/wp-content\/uploads\/2026\/01\/sascha-klaar-819x1024.webp 819w, https:\/\/pamelafalcon.com\/wp-content\/uploads\/2026\/01\/sascha-klaar-768x960.webp 768w, https:\/\/pamelafalcon.com\/wp-content\/uploads\/2026\/01\/sascha-klaar.webp 1080w\" sizes=\"(max-width: 520px) 100vw, 520px\" \/>            \t\t\t\t<\/div>\n\t\t\t\t<\/div>\n\t\t\t\t<div class=\"elementor-element elementor-element-6777f4e elementor-widget elementor-widget-heading\" data-id=\"6777f4e\" data-element_type=\"widget\" data-widget_type=\"heading.default\">\n\t\t\t\t\t<h2 class=\"elementor-heading-title elementor-size-default\">Pamela Falcon as a support at \"Best of Sascha Klaar\" in the Apollo Variet\u00e9<\/h2>\t\t\t\t<\/div>\n\t\t\t\t<div class=\"elementor-element elementor-element-bad0c8c elementor-widget elementor-widget-html\" data-id=\"bad0c8c\" data-element_type=\"widget\" data-widget_type=\"html.default\">\n\t\t\t\t\t<p>Things are going to get really rocking at the Apollo Variet\u00e9 D\u00fcsseldorf on January 26, 2026! I'm really looking forward to being a support singer at the \"Best of Sascha Klaar\" show.<\/p>\n\n<h2>An evening full of music and entertainment<\/h2>\n\n<p>Internationally acclaimed pianist and entertainer Sascha Klaar \u2013 Artist of the Year 2025 \u2013 presents his captivating show this evening. The audience can expect a unique blend of rock 'n' roll, soulful ballads, breathtaking acrobatics, and comedy.<\/p>\n\n<h2>When and where?<\/h2>\n\n<p>The event will take place on January 26, 2026, at the renowned Apollo Variet\u00e9 in D\u00fcsseldorf. Tickets are available now.<\/p>\n\n<p>I'm looking forward to an unforgettable evening and to seeing you there!<\/p>\t\t\t\t<\/div>\n\t\t\t\t<div class=\"elementor-element elementor-element-ddea200 elementor-widget elementor-widget-button\" data-id=\"ddea200\" data-element_type=\"widget\" data-widget_type=\"button.default\">\n\t\t\t\t\t\t\t\t\t\t<a class=\"elementor-button elementor-button-link elementor-size-sm\" href=\"https:\/\/www.apollo-variete.com\/apollo-shows\/sascha-klaar\/\" target=\"_blank\">\n\t\t\t\t\t\t<span class=\"elementor-button-content-wrapper\">\n\t\t\t\t\t\t\t\t\t<span class=\"elementor-button-text\">Save your ticket now<\/span>\n\t\t\t\t\t<\/span>\n\t\t\t\t\t<\/a>\n\t\t\t\t\t\t\t\t<\/div>\n\t\t\t\t\t<\/div>\n\t\t\t\t<\/div>\n\t\t\t\t<\/div>","protected":false},"excerpt":{"rendered":"<p>Pamela Falcon als Support bei &#8222;Best of Sascha Klaar&#8220; im Apollo Variet\u00e9 Am 26. Januar 2026 wird es im Apollo Variet\u00e9 D\u00fcsseldorf [&hellip;]<\/p>","protected":false},"author":1,"featured_media":735,"comment_status":"open","ping_status":"open","sticky":false,"template":"","format":"standard","meta":{"footnotes":""},"categories":[5],"tags":[],"class_list":["post-727","post","type-post","status-publish","format-standard","has-post-thumbnail","hentry","category-termine"],"yoast_head":"<!-- This site is optimized with the Yoast SEO plugin v26.8 - https:\/\/yoast.com\/product\/yoast-seo-wordpress\/ -->\n<title>Pamela Falcon als Support bei &quot;Best of Sascha Klaar&quot; im Apollo Variet\u00e9 - Pamela Falcon<\/title>\n<meta name=\"robots\" content=\"index, follow, max-snippet:-1, max-image-preview:large, max-video-preview:-1\" \/>\n<link rel=\"canonical\" href=\"https:\/\/pamelafalcon.com\/en\/pamela-falcon-als-support-bei-best-of-sascha-klaar-im-apollo-variete\/\" \/>\n<meta property=\"og:locale\" content=\"en_US\" \/>\n<meta property=\"og:type\" content=\"article\" \/>\n<meta property=\"og:title\" content=\"Pamela Falcon als Support bei &quot;Best of Sascha Klaar&quot; im Apollo Variet\u00e9 - Pamela Falcon\" \/>\n<meta property=\"og:description\" content=\"Pamela Falcon als Support bei &#8222;Best of Sascha Klaar&#8220; im Apollo Variet\u00e9 Am 26. Januar 2026 wird es im Apollo Variet\u00e9 D\u00fcsseldorf [&hellip;]\" \/>\n<meta property=\"og:url\" content=\"https:\/\/pamelafalcon.com\/en\/pamela-falcon-als-support-bei-best-of-sascha-klaar-im-apollo-variete\/\" \/>\n<meta property=\"og:site_name\" content=\"Pamela Falcon\" \/>\n<meta property=\"article:published_time\" content=\"2026-01-09T11:26:53+00:00\" \/>\n<meta property=\"article:modified_time\" content=\"2026-01-09T11:50:21+00:00\" \/>\n<meta property=\"og:image\" content=\"https:\/\/pamelafalcon.com\/wp-content\/uploads\/2026\/01\/sascha-klaar.webp\" \/>\n\t<meta property=\"og:image:width\" content=\"1080\" \/>\n\t<meta property=\"og:image:height\" content=\"1350\" \/>\n\t<meta property=\"og:image:type\" content=\"image\/webp\" \/>\n<meta name=\"author\" content=\"haude\" \/>\n<meta name=\"twitter:card\" content=\"summary_large_image\" \/>\n<meta name=\"twitter:label1\" content=\"Written by\" \/>\n\t<meta name=\"twitter:data1\" content=\"haude\" \/>\n\t<meta name=\"twitter:label2\" content=\"Est. reading time\" \/>\n\t<meta name=\"twitter:data2\" content=\"1 minute\" \/>\n<script type=\"application\/ld+json\" class=\"yoast-schema-graph\">{\"@context\":\"https:\/\/schema.org\",\"@graph\":[{\"@type\":\"Article\",\"@id\":\"https:\/\/pamelafalcon.com\/en\/pamela-falcon-als-support-bei-best-of-sascha-klaar-im-apollo-variete\/#article\",\"isPartOf\":{\"@id\":\"https:\/\/pamelafalcon.com\/en\/pamela-falcon-als-support-bei-best-of-sascha-klaar-im-apollo-variete\/\"},\"author\":{\"name\":\"haude\",\"@id\":\"https:\/\/pamelafalcon.com\/en\/#\/schema\/person\/1c78ae9b83122949c140c5a5efdee67d\"},\"headline\":\"Pamela Falcon als Support bei &#8222;Best of Sascha Klaar&#8220; im Apollo Variet\u00e9\",\"datePublished\":\"2026-01-09T11:26:53+00:00\",\"dateModified\":\"2026-01-09T11:50:21+00:00\",\"mainEntityOfPage\":{\"@id\":\"https:\/\/pamelafalcon.com\/en\/pamela-falcon-als-support-bei-best-of-sascha-klaar-im-apollo-variete\/\"},\"wordCount\":134,\"commentCount\":0,\"publisher\":{\"@id\":\"https:\/\/pamelafalcon.com\/en\/#\/schema\/person\/9253e44d2a1c782b1f2637757a77be5c\"},\"image\":{\"@id\":\"https:\/\/pamelafalcon.com\/en\/pamela-falcon-als-support-bei-best-of-sascha-klaar-im-apollo-variete\/#primaryimage\"},\"thumbnailUrl\":\"https:\/\/pamelafalcon.com\/wp-content\/uploads\/2026\/01\/sascha-klaar.webp\",\"articleSection\":[\"Termine\"],\"inLanguage\":\"en-US\"},{\"@type\":\"WebPage\",\"@id\":\"https:\/\/pamelafalcon.com\/en\/pamela-falcon-als-support-bei-best-of-sascha-klaar-im-apollo-variete\/\",\"url\":\"https:\/\/pamelafalcon.com\/en\/pamela-falcon-als-support-bei-best-of-sascha-klaar-im-apollo-variete\/\",\"name\":\"Pamela Falcon als Support bei \\\"Best of Sascha Klaar\\\" im Apollo Variet\u00e9 - Pamela Falcon\",\"isPartOf\":{\"@id\":\"https:\/\/pamelafalcon.com\/en\/#website\"},\"primaryImageOfPage\":{\"@id\":\"https:\/\/pamelafalcon.com\/en\/pamela-falcon-als-support-bei-best-of-sascha-klaar-im-apollo-variete\/#primaryimage\"},\"image\":{\"@id\":\"https:\/\/pamelafalcon.com\/en\/pamela-falcon-als-support-bei-best-of-sascha-klaar-im-apollo-variete\/#primaryimage\"},\"thumbnailUrl\":\"https:\/\/pamelafalcon.com\/wp-content\/uploads\/2026\/01\/sascha-klaar.webp\",\"datePublished\":\"2026-01-09T11:26:53+00:00\",\"dateModified\":\"2026-01-09T11:50:21+00:00\",\"breadcrumb\":{\"@id\":\"https:\/\/pamelafalcon.com\/en\/pamela-falcon-als-support-bei-best-of-sascha-klaar-im-apollo-variete\/#breadcrumb\"},\"inLanguage\":\"en-US\",\"potentialAction\":[{\"@type\":\"ReadAction\",\"target\":[\"https:\/\/pamelafalcon.com\/en\/pamela-falcon-als-support-bei-best-of-sascha-klaar-im-apollo-variete\/\"]}]},{\"@type\":\"ImageObject\",\"inLanguage\":\"en-US\",\"@id\":\"https:\/\/pamelafalcon.com\/en\/pamela-falcon-als-support-bei-best-of-sascha-klaar-im-apollo-variete\/#primaryimage\",\"url\":\"https:\/\/pamelafalcon.com\/wp-content\/uploads\/2026\/01\/sascha-klaar.webp\",\"contentUrl\":\"https:\/\/pamelafalcon.com\/wp-content\/uploads\/2026\/01\/sascha-klaar.webp\",\"width\":1080,\"height\":1350},{\"@type\":\"BreadcrumbList\",\"@id\":\"https:\/\/pamelafalcon.com\/en\/pamela-falcon-als-support-bei-best-of-sascha-klaar-im-apollo-variete\/#breadcrumb\",\"itemListElement\":[{\"@type\":\"ListItem\",\"position\":1,\"name\":\"Start\",\"item\":\"https:\/\/pamelafalcon.com\/en\/\"},{\"@type\":\"ListItem\",\"position\":2,\"name\":\"Pamela Falcon als Support bei &#8222;Best of Sascha Klaar&#8220; im Apollo Variet\u00e9\"}]},{\"@type\":\"WebSite\",\"@id\":\"https:\/\/pamelafalcon.com\/en\/#website\",\"url\":\"https:\/\/pamelafalcon.com\/en\/\",\"name\":\"Pamela Falcon\",\"description\":\"\",\"publisher\":{\"@id\":\"https:\/\/pamelafalcon.com\/en\/#\/schema\/person\/9253e44d2a1c782b1f2637757a77be5c\"},\"potentialAction\":[{\"@type\":\"SearchAction\",\"target\":{\"@type\":\"EntryPoint\",\"urlTemplate\":\"https:\/\/pamelafalcon.com\/en\/?s={search_term_string}\"},\"query-input\":{\"@type\":\"PropertyValueSpecification\",\"valueRequired\":true,\"valueName\":\"search_term_string\"}}],\"inLanguage\":\"en-US\"},{\"@type\":[\"Person\",\"Organization\"],\"@id\":\"https:\/\/pamelafalcon.com\/en\/#\/schema\/person\/9253e44d2a1c782b1f2637757a77be5c\",\"name\":\"Pamela Falcon\",\"image\":{\"@type\":\"ImageObject\",\"inLanguage\":\"en-US\",\"@id\":\"https:\/\/pamelafalcon.com\/en\/#\/schema\/person\/image\/\",\"url\":\"https:\/\/pamelafalcon.com\/wp-content\/uploads\/2026\/01\/pamela-on-stage-4.webp\",\"contentUrl\":\"https:\/\/pamelafalcon.com\/wp-content\/uploads\/2026\/01\/pamela-on-stage-4.webp\",\"width\":1238,\"height\":1024,\"caption\":\"Pamela Falcon\"},\"logo\":{\"@id\":\"https:\/\/pamelafalcon.com\/en\/#\/schema\/person\/image\/\"}},{\"@type\":\"Person\",\"@id\":\"https:\/\/pamelafalcon.com\/en\/#\/schema\/person\/1c78ae9b83122949c140c5a5efdee67d\",\"name\":\"haude\",\"image\":{\"@type\":\"ImageObject\",\"inLanguage\":\"en-US\",\"@id\":\"https:\/\/pamelafalcon.com\/en\/#\/schema\/person\/image\/\",\"url\":\"https:\/\/secure.gravatar.com\/avatar\/68cbc2e59f4f9d4de6857614c080991d0292ae1f70fb3018cd4d96000f941a30?s=96&d=mm&r=g\",\"contentUrl\":\"https:\/\/secure.gravatar.com\/avatar\/68cbc2e59f4f9d4de6857614c080991d0292ae1f70fb3018cd4d96000f941a30?s=96&d=mm&r=g\",\"caption\":\"haude\"},\"sameAs\":[\"https:\/\/pamelafalcon.com\"],\"url\":\"https:\/\/pamelafalcon.com\/en\/author\/haude\/\"}]}<\/script>\n<!-- \/ Yoast SEO plugin. -->","yoast_head_json":{"title":"Pamela Falcon als Support bei \"Best of Sascha Klaar\" im Apollo Variet\u00e9 - Pamela Falcon","robots":{"index":"index","follow":"follow","max-snippet":"max-snippet:-1","max-image-preview":"max-image-preview:large","max-video-preview":"max-video-preview:-1"},"canonical":"https:\/\/pamelafalcon.com\/en\/pamela-falcon-als-support-bei-best-of-sascha-klaar-im-apollo-variete\/","og_locale":"en_US","og_type":"article","og_title":"Pamela Falcon als Support bei \"Best of Sascha Klaar\" im Apollo Variet\u00e9 - Pamela Falcon","og_description":"Pamela Falcon als Support bei &#8222;Best of Sascha Klaar&#8220; im Apollo Variet\u00e9 Am 26. Januar 2026 wird es im Apollo Variet\u00e9 D\u00fcsseldorf [&hellip;]","og_url":"https:\/\/pamelafalcon.com\/en\/pamela-falcon-als-support-bei-best-of-sascha-klaar-im-apollo-variete\/","og_site_name":"Pamela Falcon","article_published_time":"2026-01-09T11:26:53+00:00","article_modified_time":"2026-01-09T11:50:21+00:00","og_image":[{"width":1080,"height":1350,"url":"https:\/\/pamelafalcon.com\/wp-content\/uploads\/2026\/01\/sascha-klaar.webp","type":"image\/webp"}],"author":"haude","twitter_card":"summary_large_image","twitter_misc":{"Written by":"haude","Est. reading time":"1 minute"},"schema":{"@context":"https:\/\/schema.org","@graph":[{"@type":"Article","@id":"https:\/\/pamelafalcon.com\/en\/pamela-falcon-als-support-bei-best-of-sascha-klaar-im-apollo-variete\/#article","isPartOf":{"@id":"https:\/\/pamelafalcon.com\/en\/pamela-falcon-als-support-bei-best-of-sascha-klaar-im-apollo-variete\/"},"author":{"name":"haude","@id":"https:\/\/pamelafalcon.com\/en\/#\/schema\/person\/1c78ae9b83122949c140c5a5efdee67d"},"headline":"Pamela Falcon als Support bei &#8222;Best of Sascha Klaar&#8220; im Apollo Variet\u00e9","datePublished":"2026-01-09T11:26:53+00:00","dateModified":"2026-01-09T11:50:21+00:00","mainEntityOfPage":{"@id":"https:\/\/pamelafalcon.com\/en\/pamela-falcon-als-support-bei-best-of-sascha-klaar-im-apollo-variete\/"},"wordCount":134,"commentCount":0,"publisher":{"@id":"https:\/\/pamelafalcon.com\/en\/#\/schema\/person\/9253e44d2a1c782b1f2637757a77be5c"},"image":{"@id":"https:\/\/pamelafalcon.com\/en\/pamela-falcon-als-support-bei-best-of-sascha-klaar-im-apollo-variete\/#primaryimage"},"thumbnailUrl":"https:\/\/pamelafalcon.com\/wp-content\/uploads\/2026\/01\/sascha-klaar.webp","articleSection":["Termine"],"inLanguage":"en-US"},{"@type":"WebPage","@id":"https:\/\/pamelafalcon.com\/en\/pamela-falcon-als-support-bei-best-of-sascha-klaar-im-apollo-variete\/","url":"https:\/\/pamelafalcon.com\/en\/pamela-falcon-als-support-bei-best-of-sascha-klaar-im-apollo-variete\/","name":"Pamela Falcon als Support bei \"Best of Sascha Klaar\" im Apollo Variet\u00e9 - Pamela Falcon","isPartOf":{"@id":"https:\/\/pamelafalcon.com\/en\/#website"},"primaryImageOfPage":{"@id":"https:\/\/pamelafalcon.com\/en\/pamela-falcon-als-support-bei-best-of-sascha-klaar-im-apollo-variete\/#primaryimage"},"image":{"@id":"https:\/\/pamelafalcon.com\/en\/pamela-falcon-als-support-bei-best-of-sascha-klaar-im-apollo-variete\/#primaryimage"},"thumbnailUrl":"https:\/\/pamelafalcon.com\/wp-content\/uploads\/2026\/01\/sascha-klaar.webp","datePublished":"2026-01-09T11:26:53+00:00","dateModified":"2026-01-09T11:50:21+00:00","breadcrumb":{"@id":"https:\/\/pamelafalcon.com\/en\/pamela-falcon-als-support-bei-best-of-sascha-klaar-im-apollo-variete\/#breadcrumb"},"inLanguage":"en-US","potentialAction":[{"@type":"ReadAction","target":["https:\/\/pamelafalcon.com\/en\/pamela-falcon-als-support-bei-best-of-sascha-klaar-im-apollo-variete\/"]}]},{"@type":"ImageObject","inLanguage":"en-US","@id":"https:\/\/pamelafalcon.com\/en\/pamela-falcon-als-support-bei-best-of-sascha-klaar-im-apollo-variete\/#primaryimage","url":"https:\/\/pamelafalcon.com\/wp-content\/uploads\/2026\/01\/sascha-klaar.webp","contentUrl":"https:\/\/pamelafalcon.com\/wp-content\/uploads\/2026\/01\/sascha-klaar.webp","width":1080,"height":1350},{"@type":"BreadcrumbList","@id":"https:\/\/pamelafalcon.com\/en\/pamela-falcon-als-support-bei-best-of-sascha-klaar-im-apollo-variete\/#breadcrumb","itemListElement":[{"@type":"ListItem","position":1,"name":"Start","item":"https:\/\/pamelafalcon.com\/en\/"},{"@type":"ListItem","position":2,"name":"Pamela Falcon als Support bei &#8222;Best of Sascha Klaar&#8220; im Apollo Variet\u00e9"}]},{"@type":"WebSite","@id":"https:\/\/pamelafalcon.com\/en\/#website","url":"https:\/\/pamelafalcon.com\/en\/","name":"Pamela Falcon","description":"","publisher":{"@id":"https:\/\/pamelafalcon.com\/en\/#\/schema\/person\/9253e44d2a1c782b1f2637757a77be5c"},"potentialAction":[{"@type":"SearchAction","target":{"@type":"EntryPoint","urlTemplate":"https:\/\/pamelafalcon.com\/en\/?s={search_term_string}"},"query-input":{"@type":"PropertyValueSpecification","valueRequired":true,"valueName":"search_term_string"}}],"inLanguage":"en-US"},{"@type":["Person","Organization"],"@id":"https:\/\/pamelafalcon.com\/en\/#\/schema\/person\/9253e44d2a1c782b1f2637757a77be5c","name":"Pamela Falcon","image":{"@type":"ImageObject","inLanguage":"en-US","@id":"https:\/\/pamelafalcon.com\/en\/#\/schema\/person\/image\/","url":"https:\/\/pamelafalcon.com\/wp-content\/uploads\/2026\/01\/pamela-on-stage-4.webp","contentUrl":"https:\/\/pamelafalcon.com\/wp-content\/uploads\/2026\/01\/pamela-on-stage-4.webp","width":1238,"height":1024,"caption":"Pamela Falcon"},"logo":{"@id":"https:\/\/pamelafalcon.com\/en\/#\/schema\/person\/image\/"}},{"@type":"Person","@id":"https:\/\/pamelafalcon.com\/en\/#\/schema\/person\/1c78ae9b83122949c140c5a5efdee67d","name":"haude","image":{"@type":"ImageObject","inLanguage":"en-US","@id":"https:\/\/pamelafalcon.com\/en\/#\/schema\/person\/image\/","url":"https:\/\/secure.gravatar.com\/avatar\/68cbc2e59f4f9d4de6857614c080991d0292ae1f70fb3018cd4d96000f941a30?s=96&d=mm&r=g","contentUrl":"https:\/\/secure.gravatar.com\/avatar\/68cbc2e59f4f9d4de6857614c080991d0292ae1f70fb3018cd4d96000f941a30?s=96&d=mm&r=g","caption":"haude"},"sameAs":["https:\/\/pamelafalcon.com"],"url":"https:\/\/pamelafalcon.com\/en\/author\/haude\/"}]}},"_links":{"self":[{"href":"https:\/\/pamelafalcon.com\/en\/wp-json\/wp\/v2\/posts\/727","targetHints":{"allow":["GET"]}}],"collection":[{"href":"https:\/\/pamelafalcon.com\/en\/wp-json\/wp\/v2\/posts"}],"about":[{"href":"https:\/\/pamelafalcon.com\/en\/wp-json\/wp\/v2\/types\/post"}],"author":[{"embeddable":true,"href":"https:\/\/pamelafalcon.com\/en\/wp-json\/wp\/v2\/users\/1"}],"replies":[{"embeddable":true,"href":"https:\/\/pamelafalcon.com\/en\/wp-json\/wp\/v2\/comments?post=727"}],"version-history":[{"count":13,"href":"https:\/\/pamelafalcon.com\/en\/wp-json\/wp\/v2\/posts\/727\/revisions"}],"predecessor-version":[{"id":752,"href":"https:\/\/pamelafalcon.com\/en\/wp-json\/wp\/v2\/posts\/727\/revisions\/752"}],"wp:featuredmedia":[{"embeddable":true,"href":"https:\/\/pamelafalcon.com\/en\/wp-json\/wp\/v2\/media\/735"}],"wp:attachment":[{"href":"https:\/\/pamelafalcon.com\/en\/wp-json\/wp\/v2\/media?parent=727"}],"wp:term":[{"taxonomy":"category","embeddable":true,"href":"https:\/\/pamelafalcon.com\/en\/wp-json\/wp\/v2\/categories?post=727"},{"taxonomy":"post_tag","embeddable":true,"href":"https:\/\/pamelafalcon.com\/en\/wp-json\/wp\/v2\/tags?post=727"}],"curies":[{"name":"wp","href":"https:\/\/api.w.org\/{rel}","templated":true}]}}